{"id":875,"date":"2024-01-24T19:49:16","date_gmt":"2024-01-24T18:49:16","guid":{"rendered":"https:\/\/gemmaromeu.com\/?p=875"},"modified":"2024-01-24T20:05:51","modified_gmt":"2024-01-24T19:05:51","slug":"benvingut-al-caos-una-nova-immersio-al-mon-de-la-novella-negra","status":"publish","type":"post","link":"https:\/\/gemmaromeu.com\/index.php\/2024\/01\/24\/benvingut-al-caos-una-nova-immersio-al-mon-de-la-novella-negra\/","title":{"rendered":"\u00abBenvingut al caos\u00bb: una nova immersi\u00f3 al m\u00f3n de la novel\u00b7la negra"},"content":{"rendered":"<h3><strong>Si ets un lector apassionat de la novel\u00b7la negra i el thriller, has arribat al lloc adequat!<\/strong><\/h3>\n<p>Com a escriptora, em fa molta il\u00b7lusi\u00f3 anunciar que la meva segona obra, <a href=\"https:\/\/www.llibresdeldelicte.com\/llibre\/benvingut-al-caos\/\" target=\"_blank\" rel=\"noopener\"><strong><em>Benvingut al caos<\/em><\/strong><\/a>, ja est\u00e0 a la venda! Despr\u00e9s de publicar la meva primera novel\u00b7la, <a href=\"https:\/\/www.libelista.com\/silenci-al-fiord-860064\" target=\"_blank\" rel=\"noopener\"><strong><em>Silenci al fiord<\/em><\/strong><\/a> (Servei de Publicacions de la UAB, 2021), estic encantada de continuar explorant aquest g\u00e8nere literari fascinant.<\/p>\n<figure id=\"attachment_881\" aria-describedby=\"caption-attachment-881\" style=\"width: 300px\" class=\"wp-caption aligncenter\"><a href=\"https:\/\/gemmaromeu.com\/index.php\/2024\/01\/24\/benvingut-al-caos-una-nova-immersio-al-mon-de-la-novella-negra\/dos-llibres\/\" rel=\"attachment wp-att-881\"><img loading=\"lazy\" decoding=\"async\" class=\"wp-image-881 size-medium\" src=\"http:\/\/gemmaromeu.com\/wp-content\/uploads\/2024\/01\/dos-llibres-e1706121406357-300x239.jpeg\" alt=\"\" width=\"300\" height=\"239\" srcset=\"https:\/\/gemmaromeu.com\/wp-content\/uploads\/2024\/01\/dos-llibres-e1706121406357-300x239.jpeg 300w, https:\/\/gemmaromeu.com\/wp-content\/uploads\/2024\/01\/dos-llibres-e1706121406357-700x558.jpeg 700w, https:\/\/gemmaromeu.com\/wp-content\/uploads\/2024\/01\/dos-llibres-e1706121406357-520x414.jpeg 520w, https:\/\/gemmaromeu.com\/wp-content\/uploads\/2024\/01\/dos-llibres-e1706121406357-360x287.jpeg 360w, https:\/\/gemmaromeu.com\/wp-content\/uploads\/2024\/01\/dos-llibres-e1706121406357-250x199.jpeg 250w, https:\/\/gemmaromeu.com\/wp-content\/uploads\/2024\/01\/dos-llibres-e1706121406357-100x80.jpeg 100w, https:\/\/gemmaromeu.com\/wp-content\/uploads\/2024\/01\/dos-llibres-e1706121406357.jpeg 723w\" sizes=\"auto, (max-width: 300px) 100vw, 300px\" \/><\/a><figcaption id=\"caption-attachment-881\" class=\"wp-caption-text\">Les meves dues creacions liter\u00e0ries.<\/figcaption><\/figure>\n<p>Aquest gener de 2024, <em>Benvingut al caos<\/em> veu la llum gr\u00e0cies a l\u2019editorial <a href=\"https:\/\/www.llibresdeldelicte.com\/\" target=\"_blank\" rel=\"noopener\"><strong>Llibres del Delicte<\/strong><\/a>, que ha cregut en aquest projecte des del principi. \u00c9s un honor treballar amb aquesta editorial, dedicada a promoure i difondre noves veus dins del m\u00f3n de la novel\u00b7la negra. Dono les gr\u00e0cies a tots els professionals de l\u2019equip, per la seva bona feina en l\u2019edici\u00f3 del llibre.<\/p>\n<p>Escriure aquesta obra ha estat un <strong>repte maj\u00fascul<\/strong>, una experi\u00e8ncia que m\u2019ha perm\u00e8s explorar els racons m\u00e9s foscos de la ment humana. Per\u00f2 tamb\u00e9 <strong>m\u2019ha enriquit com a escriptora<\/strong>, ja que he apr\u00e8s moltes coses sobre com escriure una novel\u00b7la de misteri, com aprofundir en les trames, com treure partit de les t\u00e8cniques narratives i com crear un argument immersiu. Amb <em>Benvingut al caos<\/em>, he intentat oferir-vos una <strong>hist\u00f2ria intensa i intrigant<\/strong>, en qu\u00e8 cada p\u00e0gina \u00e9s una invitaci\u00f3 a endinsar-vos en un univers ple de secrets, crims i, tamb\u00e9, una mica de caos.<\/p>\n<p>Tens curiositat per saber de qu\u00e8 va? Aqu\u00ed et deixo la <strong>sinopsi<\/strong>!<\/p>\n<blockquote><p><em>En plena campanya de promoci\u00f3 de la novel\u00b7la negra que acaba de publicar, un professor universitari descobreix que alg\u00fa es dedica a recrear a la vida real els crims que ell va imaginar a la seva obra.<\/em><\/p>\n<p><em><strong>No tots els botxins s\u00f3n assassins ni totes les v\u00edctimes s\u00f3n innocents. <\/strong><strong>I \u00e9s que no cal baixar fins als inferns per trobar-hi la maldat.<\/strong><\/em><\/p>\n<p><em>Un assass\u00ed es passeja per tot el pa\u00eds sembrant el\u00a0caos\u00a0per all\u00e0 on passa. La policia va perduda i l\u2019\u00fanica font que aporta informaci\u00f3 \u00e9s la novel\u00b7la que alg\u00fa est\u00e0 imitant: cada escena recrea la mort segons les diferents mitologies del m\u00f3n. En una investigaci\u00f3 complexa i desconcertant, l&#8217;equip de la inspectora Gina Oliveres s&#8217;enfrontar\u00e0 a un cas cruel, despietat i que, aparentment, no t\u00e9 res de terrenal.<\/em><\/p><\/blockquote>\n<p>Per\u00f2 l\u2019aventura no s\u2019acaba aqu\u00ed! Tot i que aquest \u00e9s el meu segon llibre, ja estic treballant en <strong>nous projectes literaris<\/strong>. La passi\u00f3 per escriure novel\u00b7les negres i <em>thrillers<\/em> segueix creixent. Espero continuar sorprenent-vos amb m\u00e9s hist\u00f2ries.<\/p>\n<p>Agraeixo a tothom que ha estat al meu costat en aquest viatge literari fins ara. Sense el vostre suport, aquest <strong>somni<\/strong> no seria possible. Si us aventureu a llegir <em>Benvingut al caos<\/em>, desitjo que gaudiu d\u2019aquesta immersi\u00f3 en el misteri i la tensi\u00f3 que he creat amb tot el meu cor.<\/p>\n<p>Us espero dins les p\u00e0gines de <em>Benvingut al caos<\/em>. Que comenci <strong>l\u2019aventura<\/strong>!<\/p>\n<p><a href=\"https:\/\/gemmaromeu.com\/index.php\/2024\/01\/24\/benvingut-al-caos-una-nova-immersio-al-mon-de-la-novella-negra\/gemma-i-portada\/\" rel=\"attachment wp-att-886\"><img loading=\"lazy\" decoding=\"async\" class=\"aligncenter wp-image-886\" src=\"http:\/\/gemmaromeu.com\/wp-content\/uploads\/2024\/01\/gemma-i-portada-240x300.jpeg\" alt=\"\" width=\"192\" height=\"240\" srcset=\"https:\/\/gemmaromeu.com\/wp-content\/uploads\/2024\/01\/gemma-i-portada-240x300.jpeg 240w, https:\/\/gemmaromeu.com\/wp-content\/uploads\/2024\/01\/gemma-i-portada-700x875.jpeg 700w, https:\/\/gemmaromeu.com\/wp-content\/uploads\/2024\/01\/gemma-i-portada-520x650.jpeg 520w, https:\/\/gemmaromeu.com\/wp-content\/uploads\/2024\/01\/gemma-i-portada-360x450.jpeg 360w, https:\/\/gemmaromeu.com\/wp-content\/uploads\/2024\/01\/gemma-i-portada-250x313.jpeg 250w, https:\/\/gemmaromeu.com\/wp-content\/uploads\/2024\/01\/gemma-i-portada-100x125.jpeg 100w, https:\/\/gemmaromeu.com\/wp-content\/uploads\/2024\/01\/gemma-i-portada.jpeg 767w\" sizes=\"auto, (max-width: 192px) 100vw, 192px\" \/><\/a><\/p>\n","protected":false},"excerpt":{"rendered":"<p>Si ets un lector apassionat de la novel\u00b7la negra i el thriller, has arribat al lloc adequat! Com a escriptora, em fa molta il\u00b7lusi\u00f3 anunciar que la meva segona obra, Benvingut al caos, ja est\u00e0 a la venda! Despr\u00e9s de [&hellip;]<\/p>\n","protected":false},"author":1,"featured_media":876,"comment_status":"closed","ping_status":"open","sticky":false,"template":"","format":"standard","meta":{"footnotes":""},"categories":[61,33],"tags":[177,185,173,147,179,175,181,183,169,157,171],"class_list":["post-875","post","type-post","status-publish","format-standard","has-post-thumbnail","hentry","category-escriptura","category-nou-llibre","tag-benvingut-al-caos","tag-crims","tag-edicio","tag-editorial-ca","tag-intriga","tag-llibres-del-delicte","tag-misteri","tag-mitologia","tag-novella-negra","tag-publicacio","tag-thriller","clearfix"],"yoast_head":"<!-- This site is optimized with the Yoast SEO plugin v22.9 - https:\/\/yoast.com\/wordpress\/plugins\/seo\/ -->\n<title>\u00abBenvingut al caos\u00bb: una nova immersi\u00f3 al m\u00f3n de la novel\u00b7la negra - Gemma Romeu i Punt\u00ed<\/title>\n<meta name=\"description\" content=\"Endinsa&#039;t en el fascinant m\u00f3n de la novel\u00b7la negra amb &quot;Benvingut al caos,&quot; l&#039;\u00faltim thriller de l&#039;escriptora Gemma Romeu Punt\u00ed. De la m\u00e0 de l&#039;editorial Llibres del Delicte, aquesta obra et convida a explorar els racons m\u00e9s foscos de la ment humana a trav\u00e9s d&#039;una trama intricada, una narrativa immersiva i uns personatges v\u00edvids i complexos. No et perdis aquesta hist\u00f2ria plena de secrets, crims, mitologia, investigaci\u00f3 policial i girs inesperats.\" \/>\n<meta name=\"robots\" content=\"index, follow, max-snippet:-1, max-image-preview:large, max-video-preview:-1\" \/>\n<link rel=\"canonical\" href=\"https:\/\/gemmaromeu.com\/index.php\/2024\/01\/24\/benvingut-al-caos-una-nova-immersio-al-mon-de-la-novella-negra\/\" \/>\n<meta property=\"og:locale\" content=\"es_ES\" \/>\n<meta property=\"og:type\" content=\"article\" \/>\n<meta property=\"og:title\" content=\"\u00abBenvingut al caos\u00bb: una nova immersi\u00f3 al m\u00f3n de la novel\u00b7la negra - Gemma Romeu i Punt\u00ed\" \/>\n<meta property=\"og:description\" content=\"Endinsa&#039;t en el fascinant m\u00f3n de la novel\u00b7la negra amb &quot;Benvingut al caos,&quot; l&#039;\u00faltim thriller de l&#039;escriptora Gemma Romeu Punt\u00ed. De la m\u00e0 de l&#039;editorial Llibres del Delicte, aquesta obra et convida a explorar els racons m\u00e9s foscos de la ment humana a trav\u00e9s d&#039;una trama intricada, una narrativa immersiva i uns personatges v\u00edvids i complexos. No et perdis aquesta hist\u00f2ria plena de secrets, crims, mitologia, investigaci\u00f3 policial i girs inesperats.\" \/>\n<meta property=\"og:url\" content=\"https:\/\/gemmaromeu.com\/index.php\/2024\/01\/24\/benvingut-al-caos-una-nova-immersio-al-mon-de-la-novella-negra\/\" \/>\n<meta property=\"og:site_name\" content=\"Gemma Romeu i Punt\u00ed\" \/>\n<meta property=\"article:published_time\" content=\"2024-01-24T18:49:16+00:00\" \/>\n<meta property=\"article:modified_time\" content=\"2024-01-24T19:05:51+00:00\" \/>\n<meta property=\"og:image\" content=\"https:\/\/gemmaromeu.com\/wp-content\/uploads\/2024\/01\/grup-caos.jpeg\" \/>\n\t<meta property=\"og:image:width\" content=\"1280\" \/>\n\t<meta property=\"og:image:height\" content=\"813\" \/>\n\t<meta property=\"og:image:type\" content=\"image\/jpeg\" \/>\n<meta name=\"author\" content=\"Gemma\" \/>\n<meta name=\"twitter:card\" content=\"summary_large_image\" \/>\n<meta name=\"twitter:label1\" content=\"Escrito por\" \/>\n\t<meta name=\"twitter:data1\" content=\"Gemma\" \/>\n\t<meta name=\"twitter:label2\" content=\"Tiempo de lectura\" \/>\n\t<meta name=\"twitter:data2\" content=\"3 minutos\" \/>\n<script type=\"application\/ld+json\" class=\"yoast-schema-graph\">{\"@context\":\"https:\/\/schema.org\",\"@graph\":[{\"@type\":\"WebPage\",\"@id\":\"https:\/\/gemmaromeu.com\/index.php\/2024\/01\/24\/benvingut-al-caos-una-nova-immersio-al-mon-de-la-novella-negra\/\",\"url\":\"https:\/\/gemmaromeu.com\/index.php\/2024\/01\/24\/benvingut-al-caos-una-nova-immersio-al-mon-de-la-novella-negra\/\",\"name\":\"\u00abBenvingut al caos\u00bb: una nova immersi\u00f3 al m\u00f3n de la novel\u00b7la negra - Gemma Romeu i Punt\u00ed\",\"isPartOf\":{\"@id\":\"https:\/\/gemmaromeu.com\/#website\"},\"primaryImageOfPage\":{\"@id\":\"https:\/\/gemmaromeu.com\/index.php\/2024\/01\/24\/benvingut-al-caos-una-nova-immersio-al-mon-de-la-novella-negra\/#primaryimage\"},\"image\":{\"@id\":\"https:\/\/gemmaromeu.com\/index.php\/2024\/01\/24\/benvingut-al-caos-una-nova-immersio-al-mon-de-la-novella-negra\/#primaryimage\"},\"thumbnailUrl\":\"https:\/\/gemmaromeu.com\/wp-content\/uploads\/2024\/01\/grup-caos.jpeg\",\"datePublished\":\"2024-01-24T18:49:16+00:00\",\"dateModified\":\"2024-01-24T19:05:51+00:00\",\"author\":{\"@id\":\"https:\/\/gemmaromeu.com\/#\/schema\/person\/ae2d2f7d3453569ed1c90614c637ce1b\"},\"description\":\"Endinsa't en el fascinant m\u00f3n de la novel\u00b7la negra amb \\\"Benvingut al caos,\\\" l'\u00faltim thriller de l'escriptora Gemma Romeu Punt\u00ed. De la m\u00e0 de l'editorial Llibres del Delicte, aquesta obra et convida a explorar els racons m\u00e9s foscos de la ment humana a trav\u00e9s d'una trama intricada, una narrativa immersiva i uns personatges v\u00edvids i complexos. No et perdis aquesta hist\u00f2ria plena de secrets, crims, mitologia, investigaci\u00f3 policial i girs inesperats.\",\"breadcrumb\":{\"@id\":\"https:\/\/gemmaromeu.com\/index.php\/2024\/01\/24\/benvingut-al-caos-una-nova-immersio-al-mon-de-la-novella-negra\/#breadcrumb\"},\"inLanguage\":\"es\",\"potentialAction\":[{\"@type\":\"ReadAction\",\"target\":[\"https:\/\/gemmaromeu.com\/index.php\/2024\/01\/24\/benvingut-al-caos-una-nova-immersio-al-mon-de-la-novella-negra\/\"]}]},{\"@type\":\"ImageObject\",\"inLanguage\":\"es\",\"@id\":\"https:\/\/gemmaromeu.com\/index.php\/2024\/01\/24\/benvingut-al-caos-una-nova-immersio-al-mon-de-la-novella-negra\/#primaryimage\",\"url\":\"https:\/\/gemmaromeu.com\/wp-content\/uploads\/2024\/01\/grup-caos.jpeg\",\"contentUrl\":\"https:\/\/gemmaromeu.com\/wp-content\/uploads\/2024\/01\/grup-caos.jpeg\",\"width\":1280,\"height\":813},{\"@type\":\"BreadcrumbList\",\"@id\":\"https:\/\/gemmaromeu.com\/index.php\/2024\/01\/24\/benvingut-al-caos-una-nova-immersio-al-mon-de-la-novella-negra\/#breadcrumb\",\"itemListElement\":[{\"@type\":\"ListItem\",\"position\":1,\"name\":\"Portada\",\"item\":\"http:\/\/gemmaromeu.com\/\"},{\"@type\":\"ListItem\",\"position\":2,\"name\":\"\u00abBenvingut al caos\u00bb: una nova immersi\u00f3 al m\u00f3n de la novel\u00b7la negra\"}]},{\"@type\":\"WebSite\",\"@id\":\"https:\/\/gemmaromeu.com\/#website\",\"url\":\"https:\/\/gemmaromeu.com\/\",\"name\":\"Gemma Romeu i Punt\u00ed\",\"description\":\"correctora \u00b7 redactora \u00b7 traductora \u00b7 assessora ling\u00fc\u00edstica\",\"potentialAction\":[{\"@type\":\"SearchAction\",\"target\":{\"@type\":\"EntryPoint\",\"urlTemplate\":\"https:\/\/gemmaromeu.com\/?s={search_term_string}\"},\"query-input\":\"required name=search_term_string\"}],\"inLanguage\":\"es\"},{\"@type\":\"Person\",\"@id\":\"https:\/\/gemmaromeu.com\/#\/schema\/person\/ae2d2f7d3453569ed1c90614c637ce1b\",\"name\":\"Gemma\",\"image\":{\"@type\":\"ImageObject\",\"inLanguage\":\"es\",\"@id\":\"https:\/\/gemmaromeu.com\/#\/schema\/person\/image\/\",\"url\":\"https:\/\/secure.gravatar.com\/avatar\/a28e28ae51eda9fdc214307a19e2da8f45a6a45adae182fd31bd4b93de724935?s=96&d=mm&r=g\",\"contentUrl\":\"https:\/\/secure.gravatar.com\/avatar\/a28e28ae51eda9fdc214307a19e2da8f45a6a45adae182fd31bd4b93de724935?s=96&d=mm&r=g\",\"caption\":\"Gemma\"},\"description\":\"bio cat\",\"url\":\"https:\/\/gemmaromeu.com\/index.php\/author\/admin3528\/\"}]}<\/script>\n<!-- \/ Yoast SEO plugin. -->","yoast_head_json":{"title":"\u00abBenvingut al caos\u00bb: una nova immersi\u00f3 al m\u00f3n de la novel\u00b7la negra - Gemma Romeu i Punt\u00ed","description":"Endinsa't en el fascinant m\u00f3n de la novel\u00b7la negra amb \"Benvingut al caos,\" l'\u00faltim thriller de l'escriptora Gemma Romeu Punt\u00ed. De la m\u00e0 de l'editorial Llibres del Delicte, aquesta obra et convida a explorar els racons m\u00e9s foscos de la ment humana a trav\u00e9s d'una trama intricada, una narrativa immersiva i uns personatges v\u00edvids i complexos. No et perdis aquesta hist\u00f2ria plena de secrets, crims, mitologia, investigaci\u00f3 policial i girs inesperats.","robots":{"index":"index","follow":"follow","max-snippet":"max-snippet:-1","max-image-preview":"max-image-preview:large","max-video-preview":"max-video-preview:-1"},"canonical":"https:\/\/gemmaromeu.com\/index.php\/2024\/01\/24\/benvingut-al-caos-una-nova-immersio-al-mon-de-la-novella-negra\/","og_locale":"es_ES","og_type":"article","og_title":"\u00abBenvingut al caos\u00bb: una nova immersi\u00f3 al m\u00f3n de la novel\u00b7la negra - Gemma Romeu i Punt\u00ed","og_description":"Endinsa't en el fascinant m\u00f3n de la novel\u00b7la negra amb \"Benvingut al caos,\" l'\u00faltim thriller de l'escriptora Gemma Romeu Punt\u00ed. De la m\u00e0 de l'editorial Llibres del Delicte, aquesta obra et convida a explorar els racons m\u00e9s foscos de la ment humana a trav\u00e9s d'una trama intricada, una narrativa immersiva i uns personatges v\u00edvids i complexos. No et perdis aquesta hist\u00f2ria plena de secrets, crims, mitologia, investigaci\u00f3 policial i girs inesperats.","og_url":"https:\/\/gemmaromeu.com\/index.php\/2024\/01\/24\/benvingut-al-caos-una-nova-immersio-al-mon-de-la-novella-negra\/","og_site_name":"Gemma Romeu i Punt\u00ed","article_published_time":"2024-01-24T18:49:16+00:00","article_modified_time":"2024-01-24T19:05:51+00:00","og_image":[{"width":1280,"height":813,"url":"https:\/\/gemmaromeu.com\/wp-content\/uploads\/2024\/01\/grup-caos.jpeg","type":"image\/jpeg"}],"author":"Gemma","twitter_card":"summary_large_image","twitter_misc":{"Escrito por":"Gemma","Tiempo de lectura":"3 minutos"},"schema":{"@context":"https:\/\/schema.org","@graph":[{"@type":"WebPage","@id":"https:\/\/gemmaromeu.com\/index.php\/2024\/01\/24\/benvingut-al-caos-una-nova-immersio-al-mon-de-la-novella-negra\/","url":"https:\/\/gemmaromeu.com\/index.php\/2024\/01\/24\/benvingut-al-caos-una-nova-immersio-al-mon-de-la-novella-negra\/","name":"\u00abBenvingut al caos\u00bb: una nova immersi\u00f3 al m\u00f3n de la novel\u00b7la negra - Gemma Romeu i Punt\u00ed","isPartOf":{"@id":"https:\/\/gemmaromeu.com\/#website"},"primaryImageOfPage":{"@id":"https:\/\/gemmaromeu.com\/index.php\/2024\/01\/24\/benvingut-al-caos-una-nova-immersio-al-mon-de-la-novella-negra\/#primaryimage"},"image":{"@id":"https:\/\/gemmaromeu.com\/index.php\/2024\/01\/24\/benvingut-al-caos-una-nova-immersio-al-mon-de-la-novella-negra\/#primaryimage"},"thumbnailUrl":"https:\/\/gemmaromeu.com\/wp-content\/uploads\/2024\/01\/grup-caos.jpeg","datePublished":"2024-01-24T18:49:16+00:00","dateModified":"2024-01-24T19:05:51+00:00","author":{"@id":"https:\/\/gemmaromeu.com\/#\/schema\/person\/ae2d2f7d3453569ed1c90614c637ce1b"},"description":"Endinsa't en el fascinant m\u00f3n de la novel\u00b7la negra amb \"Benvingut al caos,\" l'\u00faltim thriller de l'escriptora Gemma Romeu Punt\u00ed. De la m\u00e0 de l'editorial Llibres del Delicte, aquesta obra et convida a explorar els racons m\u00e9s foscos de la ment humana a trav\u00e9s d'una trama intricada, una narrativa immersiva i uns personatges v\u00edvids i complexos. No et perdis aquesta hist\u00f2ria plena de secrets, crims, mitologia, investigaci\u00f3 policial i girs inesperats.","breadcrumb":{"@id":"https:\/\/gemmaromeu.com\/index.php\/2024\/01\/24\/benvingut-al-caos-una-nova-immersio-al-mon-de-la-novella-negra\/#breadcrumb"},"inLanguage":"es","potentialAction":[{"@type":"ReadAction","target":["https:\/\/gemmaromeu.com\/index.php\/2024\/01\/24\/benvingut-al-caos-una-nova-immersio-al-mon-de-la-novella-negra\/"]}]},{"@type":"ImageObject","inLanguage":"es","@id":"https:\/\/gemmaromeu.com\/index.php\/2024\/01\/24\/benvingut-al-caos-una-nova-immersio-al-mon-de-la-novella-negra\/#primaryimage","url":"https:\/\/gemmaromeu.com\/wp-content\/uploads\/2024\/01\/grup-caos.jpeg","contentUrl":"https:\/\/gemmaromeu.com\/wp-content\/uploads\/2024\/01\/grup-caos.jpeg","width":1280,"height":813},{"@type":"BreadcrumbList","@id":"https:\/\/gemmaromeu.com\/index.php\/2024\/01\/24\/benvingut-al-caos-una-nova-immersio-al-mon-de-la-novella-negra\/#breadcrumb","itemListElement":[{"@type":"ListItem","position":1,"name":"Portada","item":"http:\/\/gemmaromeu.com\/"},{"@type":"ListItem","position":2,"name":"\u00abBenvingut al caos\u00bb: una nova immersi\u00f3 al m\u00f3n de la novel\u00b7la negra"}]},{"@type":"WebSite","@id":"https:\/\/gemmaromeu.com\/#website","url":"https:\/\/gemmaromeu.com\/","name":"Gemma Romeu i Punt\u00ed","description":"correctora \u00b7 redactora \u00b7 traductora \u00b7 assessora ling\u00fc\u00edstica","potentialAction":[{"@type":"SearchAction","target":{"@type":"EntryPoint","urlTemplate":"https:\/\/gemmaromeu.com\/?s={search_term_string}"},"query-input":"required name=search_term_string"}],"inLanguage":"es"},{"@type":"Person","@id":"https:\/\/gemmaromeu.com\/#\/schema\/person\/ae2d2f7d3453569ed1c90614c637ce1b","name":"Gemma","image":{"@type":"ImageObject","inLanguage":"es","@id":"https:\/\/gemmaromeu.com\/#\/schema\/person\/image\/","url":"https:\/\/secure.gravatar.com\/avatar\/a28e28ae51eda9fdc214307a19e2da8f45a6a45adae182fd31bd4b93de724935?s=96&d=mm&r=g","contentUrl":"https:\/\/secure.gravatar.com\/avatar\/a28e28ae51eda9fdc214307a19e2da8f45a6a45adae182fd31bd4b93de724935?s=96&d=mm&r=g","caption":"Gemma"},"description":"bio cat","url":"https:\/\/gemmaromeu.com\/index.php\/author\/admin3528\/"}]}},"_links":{"self":[{"href":"https:\/\/gemmaromeu.com\/index.php\/wp-json\/wp\/v2\/posts\/875","targetHints":{"allow":["GET"]}}],"collection":[{"href":"https:\/\/gemmaromeu.com\/index.php\/wp-json\/wp\/v2\/posts"}],"about":[{"href":"https:\/\/gemmaromeu.com\/index.php\/wp-json\/wp\/v2\/types\/post"}],"author":[{"embeddable":true,"href":"https:\/\/gemmaromeu.com\/index.php\/wp-json\/wp\/v2\/users\/1"}],"replies":[{"embeddable":true,"href":"https:\/\/gemmaromeu.com\/index.php\/wp-json\/wp\/v2\/comments?post=875"}],"version-history":[{"count":12,"href":"https:\/\/gemmaromeu.com\/index.php\/wp-json\/wp\/v2\/posts\/875\/revisions"}],"predecessor-version":[{"id":897,"href":"https:\/\/gemmaromeu.com\/index.php\/wp-json\/wp\/v2\/posts\/875\/revisions\/897"}],"wp:featuredmedia":[{"embeddable":true,"href":"https:\/\/gemmaromeu.com\/index.php\/wp-json\/wp\/v2\/media\/876"}],"wp:attachment":[{"href":"https:\/\/gemmaromeu.com\/index.php\/wp-json\/wp\/v2\/media?parent=875"}],"wp:term":[{"taxonomy":"category","embeddable":true,"href":"https:\/\/gemmaromeu.com\/index.php\/wp-json\/wp\/v2\/categories?post=875"},{"taxonomy":"post_tag","embeddable":true,"href":"https:\/\/gemmaromeu.com\/index.php\/wp-json\/wp\/v2\/tags?post=875"}],"curies":[{"name":"wp","href":"https:\/\/api.w.org\/{rel}","templated":true}]}}